{"id":32,"date":"2022-01-25T12:37:29","date_gmt":"2022-01-25T10:37:29","guid":{"rendered":"https:\/\/alombra.ooteca.artedra.net\/wp\/?p=32"},"modified":"2022-03-03T13:23:03","modified_gmt":"2022-03-03T11:23:03","slug":"artista-11","status":"publish","type":"post","link":"https:\/\/alombra.ooteca.artedra.net\/wp\/?p=32","title":{"rendered":"YOKO ONO"},"content":{"rendered":"\n<figure class=\"wp-block-image size-large obra-img\"><img loading=\"lazy\" decoding=\"async\" width=\"1024\" height=\"709\" src=\"https:\/\/alombra.ooteca.artedra.net\/wp\/wp-content\/uploads\/2022\/02\/Ona-Marminya_-Yoko-Ono2-1024x709.jpg\" alt=\"\" class=\"wp-image-280\" srcset=\"https:\/\/alombra.ooteca.artedra.net\/wp\/wp-content\/uploads\/2022\/02\/Ona-Marminya_-Yoko-Ono2-1024x709.jpg 1024w, https:\/\/alombra.ooteca.artedra.net\/wp\/wp-content\/uploads\/2022\/02\/Ona-Marminya_-Yoko-Ono2-300x208.jpg 300w, https:\/\/alombra.ooteca.artedra.net\/wp\/wp-content\/uploads\/2022\/02\/Ona-Marminya_-Yoko-Ono2-768x532.jpg 768w, https:\/\/alombra.ooteca.artedra.net\/wp\/wp-content\/uploads\/2022\/02\/Ona-Marminya_-Yoko-Ono2-1536x1064.jpg 1536w, https:\/\/alombra.ooteca.artedra.net\/wp\/wp-content\/uploads\/2022\/02\/Ona-Marminya_-Yoko-Ono2-2048x1418.jpg 2048w\" sizes=\"auto, (max-width: 1024px) 100vw, 1024px\" \/><figcaption>Autora: Ona Marminy\u00e0<\/figcaption><\/figure>\n\n\n\n<p>He creat la meva obra a partir de frases m\u00edtiques de Yoko Ono. En tota la seva obra hi una intenci\u00f3 de difondre un missatge de pau, de lluita per la igualtat de g\u00e8nere, d\u2019invitaci\u00f3 a prendre consci\u00e8ncia i valorar els petits actes quotidians\u2026 Ho fa per mitj\u00e0 de la performance, les instal\u00b7lacions, la m\u00fasica i tamb\u00e9 jugant amb les paraules. S\u00f3n aquestes frases po\u00e8tiques les que he volgut registrar en la imatge.<\/p>\n\n\n\n<p><\/p>\n\n\n\n<div class=\"wp-block-columns has-white-background-color has-background is-layout-flex wp-container-core-columns-is-layout-9d6595d7 wp-block-columns-is-layout-flex\">\n<div class=\"wp-block-column is-layout-flow wp-block-column-is-layout-flow\" style=\"flex-basis:33.33%\">\n<figure class=\"wp-block-image size-large autora-img\"><img loading=\"lazy\" decoding=\"async\" width=\"724\" height=\"1024\" src=\"https:\/\/alombra.ooteca.artedra.net\/wp\/wp-content\/uploads\/2022\/02\/Ona-Marminya-Pena_yoko-ono-2-724x1024.jpg\" alt=\"\" class=\"wp-image-199\" srcset=\"https:\/\/alombra.ooteca.artedra.net\/wp\/wp-content\/uploads\/2022\/02\/Ona-Marminya-Pena_yoko-ono-2-724x1024.jpg 724w, https:\/\/alombra.ooteca.artedra.net\/wp\/wp-content\/uploads\/2022\/02\/Ona-Marminya-Pena_yoko-ono-2-212x300.jpg 212w, https:\/\/alombra.ooteca.artedra.net\/wp\/wp-content\/uploads\/2022\/02\/Ona-Marminya-Pena_yoko-ono-2-768x1086.jpg 768w, https:\/\/alombra.ooteca.artedra.net\/wp\/wp-content\/uploads\/2022\/02\/Ona-Marminya-Pena_yoko-ono-2-1086x1536.jpg 1086w, https:\/\/alombra.ooteca.artedra.net\/wp\/wp-content\/uploads\/2022\/02\/Ona-Marminya-Pena_yoko-ono-2-1448x2048.jpg 1448w, https:\/\/alombra.ooteca.artedra.net\/wp\/wp-content\/uploads\/2022\/02\/Ona-Marminya-Pena_yoko-ono-2-scaled.jpg 1810w\" sizes=\"auto, (max-width: 724px) 100vw, 724px\" \/><figcaption>Yoko Ono<br>(T\u00f2quio, 1933)<br>vista per Ona Marminy\u00e0<\/figcaption><\/figure>\n<\/div>\n\n\n\n<div class=\"wp-block-column is-layout-flow wp-block-column-is-layout-flow\" style=\"flex-basis:66.66%\">\n<p>Artista conceptual. Va formar part del col\u00b7lectiu Fluxus, moviment art\u00edstic contrari a l\u2019art objectual i a la seva mercantilitzaci\u00f3. Promovien l\u2019art de la performance i l\u2019art ef\u00edmer.<br>Yoko Ono planteja instal\u00b7lacions, crea performance, pintures amb instruccions\u2026 per explorar els l\u00edmits humans. El p\u00fablic \u00e9s el protagonista i el que porta el control de la situaci\u00f3.<br>En les seves propostes sempre acostuma a haver un component m\u00edstic, \u201cL\u2019estat natural de la vida i de la ment \u00e9s la complexitat i el que l\u2019art pot oferir \u00e9s abs\u00e8ncia de complexitat, un buit que et porta a la relaxaci\u00f3 de la ment\u201d. La majoria d\u2019obres tenen la intenci\u00f3 de difondre missatges de pau, en contra de la viol\u00e8ncia, a favor de la igualtat de g\u00e8nere, del valor dels petits actes per canviar la vida.<\/p>\n<\/div>\n<\/div>\n","protected":false},"excerpt":{"rendered":"<p>He creat la meva obra a partir de frases m\u00edtiques de Yoko Ono. En tota la seva obra hi una intenci\u00f3 de difondre un missatge de pau, de lluita per la igualtat de g\u00e8nere, d\u2019invitaci\u00f3 a prendre consci\u00e8ncia i valorar els petits actes quotidians\u2026 Ho fa per mitj\u00e0 de la performance, les instal\u00b7lacions, la m\u00fasica [&hellip;]<\/p>\n","protected":false},"author":1,"featured_media":280,"comment_status":"closed","ping_status":"open","sticky":false,"template":"","format":"standard","meta":{"footnotes":""},"categories":[1],"tags":[],"class_list":["post-32","post","type-post","status-publish","format-standard","has-post-thumbnail","hentry","category-general"],"_links":{"self":[{"href":"https:\/\/alombra.ooteca.artedra.net\/wp\/index.php?rest_route=\/wp\/v2\/posts\/32","targetHints":{"allow":["GET"]}}],"collection":[{"href":"https:\/\/alombra.ooteca.artedra.net\/wp\/index.php?rest_route=\/wp\/v2\/posts"}],"about":[{"href":"https:\/\/alombra.ooteca.artedra.net\/wp\/index.php?rest_route=\/wp\/v2\/types\/post"}],"author":[{"embeddable":true,"href":"https:\/\/alombra.ooteca.artedra.net\/wp\/index.php?rest_route=\/wp\/v2\/users\/1"}],"replies":[{"embeddable":true,"href":"https:\/\/alombra.ooteca.artedra.net\/wp\/index.php?rest_route=%2Fwp%2Fv2%2Fcomments&post=32"}],"version-history":[{"count":8,"href":"https:\/\/alombra.ooteca.artedra.net\/wp\/index.php?rest_route=\/wp\/v2\/posts\/32\/revisions"}],"predecessor-version":[{"id":361,"href":"https:\/\/alombra.ooteca.artedra.net\/wp\/index.php?rest_route=\/wp\/v2\/posts\/32\/revisions\/361"}],"wp:featuredmedia":[{"embeddable":true,"href":"https:\/\/alombra.ooteca.artedra.net\/wp\/index.php?rest_route=\/wp\/v2\/media\/280"}],"wp:attachment":[{"href":"https:\/\/alombra.ooteca.artedra.net\/wp\/index.php?rest_route=%2Fwp%2Fv2%2Fmedia&parent=32"}],"wp:term":[{"taxonomy":"category","embeddable":true,"href":"https:\/\/alombra.ooteca.artedra.net\/wp\/index.php?rest_route=%2Fwp%2Fv2%2Fcategories&post=32"},{"taxonomy":"post_tag","embeddable":true,"href":"https:\/\/alombra.ooteca.artedra.net\/wp\/index.php?rest_route=%2Fwp%2Fv2%2Ftags&post=32"}],"curies":[{"name":"wp","href":"https:\/\/api.w.org\/{rel}","templated":true}]}}