{"id":30,"date":"2022-01-25T12:37:15","date_gmt":"2022-01-25T10:37:15","guid":{"rendered":"https:\/\/alombra.ooteca.artedra.net\/wp\/?p=30"},"modified":"2022-03-03T14:43:07","modified_gmt":"2022-03-03T12:43:07","slug":"artista-10","status":"publish","type":"post","link":"https:\/\/alombra.ooteca.artedra.net\/wp\/?p=30","title":{"rendered":"FINA MIRALLES"},"content":{"rendered":"\n<figure class=\"wp-block-image size-large obra-img\"><img loading=\"lazy\" decoding=\"async\" width=\"685\" height=\"1024\" src=\"https:\/\/alombra.ooteca.artedra.net\/wp\/wp-content\/uploads\/2022\/02\/Ainara-Catalan_-Fina-Miralles-685x1024.jpg\" alt=\"\" class=\"wp-image-229\" srcset=\"https:\/\/alombra.ooteca.artedra.net\/wp\/wp-content\/uploads\/2022\/02\/Ainara-Catalan_-Fina-Miralles-685x1024.jpg 685w, https:\/\/alombra.ooteca.artedra.net\/wp\/wp-content\/uploads\/2022\/02\/Ainara-Catalan_-Fina-Miralles-201x300.jpg 201w, https:\/\/alombra.ooteca.artedra.net\/wp\/wp-content\/uploads\/2022\/02\/Ainara-Catalan_-Fina-Miralles-768x1149.jpg 768w, https:\/\/alombra.ooteca.artedra.net\/wp\/wp-content\/uploads\/2022\/02\/Ainara-Catalan_-Fina-Miralles-1027x1536.jpg 1027w, https:\/\/alombra.ooteca.artedra.net\/wp\/wp-content\/uploads\/2022\/02\/Ainara-Catalan_-Fina-Miralles-1369x2048.jpg 1369w, https:\/\/alombra.ooteca.artedra.net\/wp\/wp-content\/uploads\/2022\/02\/Ainara-Catalan_-Fina-Miralles-scaled.jpg 1711w\" sizes=\"auto, (max-width: 685px) 100vw, 685px\" \/><figcaption>Autora: Ainara Catal\u00e1n<\/figcaption><\/figure>\n\n\n\n<p>Fina Miralles ens convida a mirar a dins nostre per comprendre l&#8217;ess\u00e8ncia de la vida. Cal<br>obrir les portes interiors per trobar l\u2019art, la natura, la vida, la mirada, el sentiment\u2026<br><br><em>Units per sempre m\u00e9s a l&#8217;essencial<br>tots som un sol Cor<\/em><br><em>un \u00fanic i gran Amor<br>una \u00fanica i eterna Vida.<\/em><br><br>Amb un estil de dibuix simple, de l\u00ednia lleugera i amb un petit accent de color, vull<br>representar aquesta fusi\u00f3 \u00edntima.<\/p>\n\n\n\n<p><\/p>\n\n\n\n<div class=\"wp-block-columns has-white-background-color has-background is-layout-flex wp-container-core-columns-is-layout-9d6595d7 wp-block-columns-is-layout-flex\">\n<div class=\"wp-block-column is-layout-flow wp-block-column-is-layout-flow\" style=\"flex-basis:33.33%\">\n<figure class=\"wp-block-image size-large autora-img\"><img loading=\"lazy\" decoding=\"async\" width=\"729\" height=\"1024\" src=\"https:\/\/alombra.ooteca.artedra.net\/wp\/wp-content\/uploads\/2022\/03\/Fina-Miralles-Ainara-Catalan-729x1024.jpg\" alt=\"\" class=\"wp-image-372\" srcset=\"https:\/\/alombra.ooteca.artedra.net\/wp\/wp-content\/uploads\/2022\/03\/Fina-Miralles-Ainara-Catalan-729x1024.jpg 729w, https:\/\/alombra.ooteca.artedra.net\/wp\/wp-content\/uploads\/2022\/03\/Fina-Miralles-Ainara-Catalan-214x300.jpg 214w, https:\/\/alombra.ooteca.artedra.net\/wp\/wp-content\/uploads\/2022\/03\/Fina-Miralles-Ainara-Catalan-768x1078.jpg 768w, https:\/\/alombra.ooteca.artedra.net\/wp\/wp-content\/uploads\/2022\/03\/Fina-Miralles-Ainara-Catalan-1094x1536.jpg 1094w, https:\/\/alombra.ooteca.artedra.net\/wp\/wp-content\/uploads\/2022\/03\/Fina-Miralles-Ainara-Catalan-1459x2048.jpg 1459w, https:\/\/alombra.ooteca.artedra.net\/wp\/wp-content\/uploads\/2022\/03\/Fina-Miralles-Ainara-Catalan-scaled.jpg 1823w\" sizes=\"auto, (max-width: 729px) 100vw, 729px\" \/><figcaption>Fina Miralles<br>(Sabadell, 1950)<br>vista per Ainara Catal\u00e1n<\/figcaption><\/figure>\n<\/div>\n\n\n\n<div class=\"wp-block-column is-layout-flow wp-block-column-is-layout-flow\" style=\"flex-basis:66.66%\">\n<p>\u00c9s una de les primeres artistes conceptuals catalanes. La seva vida personal est\u00e0 molt vinculada a la seva obra. Perd els seus pares molt aviat, i inicia un viatge espiritual d\u2019autoconeixement. La seva estada en diferents pa\u00efsos l\u2019ensenya a situar-se en el m\u00f3n, a acceptar-se i a viure d\u2019acord amb la veritat, la conc\u00f2rdia i la bellesa.<br>Est\u00e0 molt vinculada a la natura i ent\u00e9n que ella est\u00e0 unida a la terra per sempre. \u201cEl retrobament amb la vida, amb la teva vida, i ser vida i unir-s&#8217;hi per sempre\u201d.<br>L&#8217;interessa comunicar, provocar la reflexi\u00f3 i ho fa des de diferents camins, amb dibuixos, performance, land art\u2026<br>En moltes de les seves accions la natura, la terra, els arbres i l\u2019aigua es relacionen amb el cos. Ens parla del di\u00e0leg entre la natura i l\u2019artifici, ens planteja q\u00fcestions socials i pol\u00edtiques com el totalitarisme, el patriarcat i la viol\u00e8ncia.<\/p>\n<\/div>\n<\/div>\n","protected":false},"excerpt":{"rendered":"<p>Fina Miralles ens convida a mirar a dins nostre per comprendre l&#8217;ess\u00e8ncia de la vida. Calobrir les portes interiors per trobar l\u2019art, la natura, la vida, la mirada, el sentiment\u2026 Units per sempre m\u00e9s a l&#8217;essencialtots som un sol Corun \u00fanic i gran Amoruna \u00fanica i eterna Vida. Amb un estil de dibuix simple, de [&hellip;]<\/p>\n","protected":false},"author":1,"featured_media":229,"comment_status":"closed","ping_status":"open","sticky":false,"template":"","format":"standard","meta":{"footnotes":""},"categories":[1],"tags":[],"class_list":["post-30","post","type-post","status-publish","format-standard","has-post-thumbnail","hentry","category-general"],"_links":{"self":[{"href":"https:\/\/alombra.ooteca.artedra.net\/wp\/index.php?rest_route=\/wp\/v2\/posts\/30","targetHints":{"allow":["GET"]}}],"collection":[{"href":"https:\/\/alombra.ooteca.artedra.net\/wp\/index.php?rest_route=\/wp\/v2\/posts"}],"about":[{"href":"https:\/\/alombra.ooteca.artedra.net\/wp\/index.php?rest_route=\/wp\/v2\/types\/post"}],"author":[{"embeddable":true,"href":"https:\/\/alombra.ooteca.artedra.net\/wp\/index.php?rest_route=\/wp\/v2\/users\/1"}],"replies":[{"embeddable":true,"href":"https:\/\/alombra.ooteca.artedra.net\/wp\/index.php?rest_route=%2Fwp%2Fv2%2Fcomments&post=30"}],"version-history":[{"count":9,"href":"https:\/\/alombra.ooteca.artedra.net\/wp\/index.php?rest_route=\/wp\/v2\/posts\/30\/revisions"}],"predecessor-version":[{"id":373,"href":"https:\/\/alombra.ooteca.artedra.net\/wp\/index.php?rest_route=\/wp\/v2\/posts\/30\/revisions\/373"}],"wp:featuredmedia":[{"embeddable":true,"href":"https:\/\/alombra.ooteca.artedra.net\/wp\/index.php?rest_route=\/wp\/v2\/media\/229"}],"wp:attachment":[{"href":"https:\/\/alombra.ooteca.artedra.net\/wp\/index.php?rest_route=%2Fwp%2Fv2%2Fmedia&parent=30"}],"wp:term":[{"taxonomy":"category","embeddable":true,"href":"https:\/\/alombra.ooteca.artedra.net\/wp\/index.php?rest_route=%2Fwp%2Fv2%2Fcategories&post=30"},{"taxonomy":"post_tag","embeddable":true,"href":"https:\/\/alombra.ooteca.artedra.net\/wp\/index.php?rest_route=%2Fwp%2Fv2%2Ftags&post=30"}],"curies":[{"name":"wp","href":"https:\/\/api.w.org\/{rel}","templated":true}]}}