{"id":207,"date":"2022-02-22T14:37:58","date_gmt":"2022-02-22T12:37:58","guid":{"rendered":"https:\/\/alombra.ooteca.artedra.net\/wp\/?p=207"},"modified":"2022-03-03T14:53:09","modified_gmt":"2022-03-03T12:53:09","slug":"eulalia-valldosera","status":"publish","type":"post","link":"https:\/\/alombra.ooteca.artedra.net\/wp\/?p=207","title":{"rendered":"EUL\u00c0LIA VALLDOSERA"},"content":{"rendered":"\n<figure class=\"wp-block-image size-large\"><img loading=\"lazy\" decoding=\"async\" width=\"745\" height=\"1024\" src=\"https:\/\/alombra.ooteca.artedra.net\/wp\/wp-content\/uploads\/2022\/03\/valldosera-745x1024.jpg\" alt=\"\" class=\"wp-image-374\" srcset=\"https:\/\/alombra.ooteca.artedra.net\/wp\/wp-content\/uploads\/2022\/03\/valldosera-745x1024.jpg 745w, https:\/\/alombra.ooteca.artedra.net\/wp\/wp-content\/uploads\/2022\/03\/valldosera-218x300.jpg 218w, https:\/\/alombra.ooteca.artedra.net\/wp\/wp-content\/uploads\/2022\/03\/valldosera-768x1055.jpg 768w, https:\/\/alombra.ooteca.artedra.net\/wp\/wp-content\/uploads\/2022\/03\/valldosera-1118x1536.jpg 1118w, https:\/\/alombra.ooteca.artedra.net\/wp\/wp-content\/uploads\/2022\/03\/valldosera-1491x2048.jpg 1491w, https:\/\/alombra.ooteca.artedra.net\/wp\/wp-content\/uploads\/2022\/03\/valldosera.jpg 1500w\" sizes=\"auto, (max-width: 745px) 100vw, 745px\" \/><figcaption>Autora: Violeta D\u00edaz<\/figcaption><\/figure>\n\n\n\n<p>Em va interessar la part m\u00edstica i espiritual de la seva obra. Per ella, el dibuix i la pintura \u00e9s<br>una forma d\u2019autoconeixement, un cam\u00ed per canalitzar sentiments i emocions _ \u201c<em>veure,<br>nodrir, integrar i aprendre a transformar per a sentir-te lliure i completa<\/em>\u201d.<br>En la imatge que he creat vull representar el nostre interior, tots els sentiments que ens<br>acompanyen, tant positius com negatius i que sovint amaguem o ignorem.<\/p>\n\n\n\n<p><\/p>\n\n\n\n<div class=\"wp-block-columns has-white-background-color has-background is-layout-flex wp-container-core-columns-is-layout-9d6595d7 wp-block-columns-is-layout-flex\">\n<div class=\"wp-block-column is-layout-flow wp-block-column-is-layout-flow\" style=\"flex-basis:33.33%\">\n<figure class=\"wp-block-image size-large autora-img\"><img loading=\"lazy\" decoding=\"async\" width=\"729\" height=\"1024\" src=\"https:\/\/alombra.ooteca.artedra.net\/wp\/wp-content\/uploads\/2022\/02\/Violeta-Abria-Diaz-Jara__Eulalia-Valldosera-2-729x1024.jpg\" alt=\"\" class=\"wp-image-208\" srcset=\"https:\/\/alombra.ooteca.artedra.net\/wp\/wp-content\/uploads\/2022\/02\/Violeta-Abria-Diaz-Jara__Eulalia-Valldosera-2-729x1024.jpg 729w, https:\/\/alombra.ooteca.artedra.net\/wp\/wp-content\/uploads\/2022\/02\/Violeta-Abria-Diaz-Jara__Eulalia-Valldosera-2-213x300.jpg 213w, https:\/\/alombra.ooteca.artedra.net\/wp\/wp-content\/uploads\/2022\/02\/Violeta-Abria-Diaz-Jara__Eulalia-Valldosera-2-768x1079.jpg 768w, https:\/\/alombra.ooteca.artedra.net\/wp\/wp-content\/uploads\/2022\/02\/Violeta-Abria-Diaz-Jara__Eulalia-Valldosera-2-1093x1536.jpg 1093w, https:\/\/alombra.ooteca.artedra.net\/wp\/wp-content\/uploads\/2022\/02\/Violeta-Abria-Diaz-Jara__Eulalia-Valldosera-2-1457x2048.jpg 1457w, https:\/\/alombra.ooteca.artedra.net\/wp\/wp-content\/uploads\/2022\/02\/Violeta-Abria-Diaz-Jara__Eulalia-Valldosera-2-scaled.jpg 1821w\" sizes=\"auto, (max-width: 729px) 100vw, 729px\" \/><figcaption>Eul\u00e0lia Valldosera <br>(Vilafranca del Pened\u00e8s, 1963)<br>vista per Violeta D\u00edaz<\/figcaption><\/figure>\n<\/div>\n\n\n\n<div class=\"wp-block-column is-layout-flow wp-block-column-is-layout-flow\" style=\"flex-basis:66.66%\">\n<p>El treball d\u2019Eul\u00e0lia Valldosera \u00e9s multidisciplinari i introspectiu. L\u2019interessa m\u00e9s el proc\u00e9s de l\u00b4obra art\u00edstica que no pas a l\u2019objecte final, potencia l\u2019acci\u00f3 i la participaci\u00f3 del p\u00fablic donant pes a la mem\u00f2ria, connectant all\u00f2 visible amb all\u00f2 invisible.<br>Performance, instal\u00b7lacions i videoart s\u00f3n les principals eines que fa servir. Malgrat no es considera feminista en el sentit estricte, les seves obres moltes vegades parlen de les dones. Amb les seves accions, a partir del seu cos, visibilitza la seva condici\u00f3 de dona.<br>Sovint utilitza material de rebuig, objectes quotidians com envasos de productes de neteja, cerca un sentit transcendental a partir de la llum i l\u2019ombra, alterant el seu significat original i q\u00fcestionant la nostra percepci\u00f3 visual, buscant la complicitat amb l&#8217;espectador, interactuant amb l\u2019espai.<\/p>\n<\/div>\n<\/div>\n","protected":false},"excerpt":{"rendered":"<p>Em va interessar la part m\u00edstica i espiritual de la seva obra. Per ella, el dibuix i la pintura \u00e9suna forma d\u2019autoconeixement, un cam\u00ed per canalitzar sentiments i emocions _ \u201cveure,nodrir, integrar i aprendre a transformar per a sentir-te lliure i completa\u201d.En la imatge que he creat vull representar el nostre interior, tots els sentiments [&hellip;]<\/p>\n","protected":false},"author":1,"featured_media":374,"comment_status":"closed","ping_status":"closed","sticky":false,"template":"","format":"standard","meta":{"footnotes":""},"categories":[1],"tags":[],"class_list":["post-207","post","type-post","status-publish","format-standard","has-post-thumbnail","hentry","category-general"],"_links":{"self":[{"href":"https:\/\/alombra.ooteca.artedra.net\/wp\/index.php?rest_route=\/wp\/v2\/posts\/207","targetHints":{"allow":["GET"]}}],"collection":[{"href":"https:\/\/alombra.ooteca.artedra.net\/wp\/index.php?rest_route=\/wp\/v2\/posts"}],"about":[{"href":"https:\/\/alombra.ooteca.artedra.net\/wp\/index.php?rest_route=\/wp\/v2\/types\/post"}],"author":[{"embeddable":true,"href":"https:\/\/alombra.ooteca.artedra.net\/wp\/index.php?rest_route=\/wp\/v2\/users\/1"}],"replies":[{"embeddable":true,"href":"https:\/\/alombra.ooteca.artedra.net\/wp\/index.php?rest_route=%2Fwp%2Fv2%2Fcomments&post=207"}],"version-history":[{"count":7,"href":"https:\/\/alombra.ooteca.artedra.net\/wp\/index.php?rest_route=\/wp\/v2\/posts\/207\/revisions"}],"predecessor-version":[{"id":375,"href":"https:\/\/alombra.ooteca.artedra.net\/wp\/index.php?rest_route=\/wp\/v2\/posts\/207\/revisions\/375"}],"wp:featuredmedia":[{"embeddable":true,"href":"https:\/\/alombra.ooteca.artedra.net\/wp\/index.php?rest_route=\/wp\/v2\/media\/374"}],"wp:attachment":[{"href":"https:\/\/alombra.ooteca.artedra.net\/wp\/index.php?rest_route=%2Fwp%2Fv2%2Fmedia&parent=207"}],"wp:term":[{"taxonomy":"category","embeddable":true,"href":"https:\/\/alombra.ooteca.artedra.net\/wp\/index.php?rest_route=%2Fwp%2Fv2%2Fcategories&post=207"},{"taxonomy":"post_tag","embeddable":true,"href":"https:\/\/alombra.ooteca.artedra.net\/wp\/index.php?rest_route=%2Fwp%2Fv2%2Ftags&post=207"}],"curies":[{"name":"wp","href":"https:\/\/api.w.org\/{rel}","templated":true}]}}