{"id":19,"date":"2022-01-25T12:25:00","date_gmt":"2022-01-25T10:25:00","guid":{"rendered":"https:\/\/alombra.ooteca.artedra.net\/wp\/?p=19"},"modified":"2022-03-03T12:06:23","modified_gmt":"2022-03-03T10:06:23","slug":"artista-7","status":"publish","type":"post","link":"https:\/\/alombra.ooteca.artedra.net\/wp\/?p=19","title":{"rendered":"PEPA DE HARO"},"content":{"rendered":"\n<figure class=\"wp-block-image size-large obra-img\"><img loading=\"lazy\" decoding=\"async\" width=\"714\" height=\"1024\" src=\"https:\/\/alombra.ooteca.artedra.net\/wp\/wp-content\/uploads\/2022\/02\/Martina-Soto_Pepa-de-Haro2-714x1024.jpg\" alt=\"\" class=\"wp-image-284\" srcset=\"https:\/\/alombra.ooteca.artedra.net\/wp\/wp-content\/uploads\/2022\/02\/Martina-Soto_Pepa-de-Haro2-714x1024.jpg 714w, https:\/\/alombra.ooteca.artedra.net\/wp\/wp-content\/uploads\/2022\/02\/Martina-Soto_Pepa-de-Haro2-209x300.jpg 209w, https:\/\/alombra.ooteca.artedra.net\/wp\/wp-content\/uploads\/2022\/02\/Martina-Soto_Pepa-de-Haro2-768x1101.jpg 768w, https:\/\/alombra.ooteca.artedra.net\/wp\/wp-content\/uploads\/2022\/02\/Martina-Soto_Pepa-de-Haro2-1071x1536.jpg 1071w, https:\/\/alombra.ooteca.artedra.net\/wp\/wp-content\/uploads\/2022\/02\/Martina-Soto_Pepa-de-Haro2-1428x2048.jpg 1428w, https:\/\/alombra.ooteca.artedra.net\/wp\/wp-content\/uploads\/2022\/02\/Martina-Soto_Pepa-de-Haro2-scaled.jpg 1786w\" sizes=\"auto, (max-width: 714px) 100vw, 714px\" \/><figcaption>Autora: Martina Soto<\/figcaption><\/figure>\n\n\n\n<p>La meva estampa est\u00e0 inspirada en l\u2019univers on\u00edric d\u2019algunes de les obres de la Pepa de<br>Haro. He creat dos personatges imaginaris i simb\u00f2lics que parlen del m\u00f3n que ens envolta.<br>Busco jugar amb la ironia, que la imatge tingui un doble sentit. Plantejo un canvi d\u2019escala,<br>les coses petites son molt m\u00e9s grans, es descriuen en detall i se\u2019ls hi dona import\u00e0ncia.<br><br>La meva obra representa a dos tipus d\u2019individus que trobem en la societat d\u2019avui en dia: el<br>que sembla bona persona per\u00f2 que quan la coneixes \u00e9s tot el contrari (n\u00favol), i l\u2019innocent<br>que no se n\u2019adona de com \u00e9s l\u2019altra persona fins que li han fet mal (ocell).<\/p>\n\n\n\n<div class=\"wp-block-columns has-white-background-color has-background is-layout-flex wp-container-core-columns-is-layout-9d6595d7 wp-block-columns-is-layout-flex\">\n<div class=\"wp-block-column is-layout-flow wp-block-column-is-layout-flow\" style=\"flex-basis:33.33%\">\n<figure class=\"wp-block-image size-large autora-img\"><img loading=\"lazy\" decoding=\"async\" width=\"726\" height=\"1024\" src=\"https:\/\/alombra.ooteca.artedra.net\/wp\/wp-content\/uploads\/2022\/02\/Martina-Soto-Laguna_-Pepa-de-Haro-726x1024.jpg\" alt=\"\" class=\"wp-image-186\" srcset=\"https:\/\/alombra.ooteca.artedra.net\/wp\/wp-content\/uploads\/2022\/02\/Martina-Soto-Laguna_-Pepa-de-Haro-726x1024.jpg 726w, https:\/\/alombra.ooteca.artedra.net\/wp\/wp-content\/uploads\/2022\/02\/Martina-Soto-Laguna_-Pepa-de-Haro-213x300.jpg 213w, https:\/\/alombra.ooteca.artedra.net\/wp\/wp-content\/uploads\/2022\/02\/Martina-Soto-Laguna_-Pepa-de-Haro-768x1083.jpg 768w, https:\/\/alombra.ooteca.artedra.net\/wp\/wp-content\/uploads\/2022\/02\/Martina-Soto-Laguna_-Pepa-de-Haro-1090x1536.jpg 1090w, https:\/\/alombra.ooteca.artedra.net\/wp\/wp-content\/uploads\/2022\/02\/Martina-Soto-Laguna_-Pepa-de-Haro-1453x2048.jpg 1453w, https:\/\/alombra.ooteca.artedra.net\/wp\/wp-content\/uploads\/2022\/02\/Martina-Soto-Laguna_-Pepa-de-Haro-scaled.jpg 1816w\" sizes=\"auto, (max-width: 726px) 100vw, 726px\" \/><figcaption>Pepa de Haro <br>(Cartagena, 1958 &#8211; Rub\u00ed, 2012)<br>vista per Martina Soto<\/figcaption><\/figure>\n<\/div>\n\n\n\n<div class=\"wp-block-column is-layout-flow wp-block-column-is-layout-flow\" style=\"flex-basis:66.66%\">\n<p>Pepa de Haro ha estat una artista pluridisciplin\u00e0ria, va treballar amb pintura, gravat i escultura. Tot i que sovint juga amb la ironia, les seves obres son molt variades tant a nivell de contingut com de forma. T\u00e9 obres en dibuix, pintura i gravat expressives, gestuals, properes a l\u2019abstracci\u00f3 per\u00f2 tamb\u00e9 peces m\u00e9s figuratives en imaginaris surrealistes. Crea universos on l\u2019escala de les coses s\u2019altera, en espais on\u00edrics i impossibles on elements petits prenen import\u00e0ncia, es fan grans i s\u2019expliquen en detall.<br>La seves obres s\u00f3n el reflex del seu car\u00e0cter inquiet i lluitador. Aquesta for\u00e7a interior la va portar participar en projectes educatius, a impulsar projectes culturals i a participar activament en la vida pol\u00edtica de Rub\u00ed com a regidora.<\/p>\n<\/div>\n<\/div>\n\n\n\n<p><\/p>\n","protected":false},"excerpt":{"rendered":"<p>La meva estampa est\u00e0 inspirada en l\u2019univers on\u00edric d\u2019algunes de les obres de la Pepa deHaro. He creat dos personatges imaginaris i simb\u00f2lics que parlen del m\u00f3n que ens envolta.Busco jugar amb la ironia, que la imatge tingui un doble sentit. Plantejo un canvi d\u2019escala,les coses petites son molt m\u00e9s grans, es descriuen en detall [&hellip;]<\/p>\n","protected":false},"author":1,"featured_media":284,"comment_status":"closed","ping_status":"open","sticky":false,"template":"","format":"standard","meta":{"footnotes":""},"categories":[1],"tags":[],"class_list":["post-19","post","type-post","status-publish","format-standard","has-post-thumbnail","hentry","category-general"],"_links":{"self":[{"href":"https:\/\/alombra.ooteca.artedra.net\/wp\/index.php?rest_route=\/wp\/v2\/posts\/19","targetHints":{"allow":["GET"]}}],"collection":[{"href":"https:\/\/alombra.ooteca.artedra.net\/wp\/index.php?rest_route=\/wp\/v2\/posts"}],"about":[{"href":"https:\/\/alombra.ooteca.artedra.net\/wp\/index.php?rest_route=\/wp\/v2\/types\/post"}],"author":[{"embeddable":true,"href":"https:\/\/alombra.ooteca.artedra.net\/wp\/index.php?rest_route=\/wp\/v2\/users\/1"}],"replies":[{"embeddable":true,"href":"https:\/\/alombra.ooteca.artedra.net\/wp\/index.php?rest_route=%2Fwp%2Fv2%2Fcomments&post=19"}],"version-history":[{"count":11,"href":"https:\/\/alombra.ooteca.artedra.net\/wp\/index.php?rest_route=\/wp\/v2\/posts\/19\/revisions"}],"predecessor-version":[{"id":356,"href":"https:\/\/alombra.ooteca.artedra.net\/wp\/index.php?rest_route=\/wp\/v2\/posts\/19\/revisions\/356"}],"wp:featuredmedia":[{"embeddable":true,"href":"https:\/\/alombra.ooteca.artedra.net\/wp\/index.php?rest_route=\/wp\/v2\/media\/284"}],"wp:attachment":[{"href":"https:\/\/alombra.ooteca.artedra.net\/wp\/index.php?rest_route=%2Fwp%2Fv2%2Fmedia&parent=19"}],"wp:term":[{"taxonomy":"category","embeddable":true,"href":"https:\/\/alombra.ooteca.artedra.net\/wp\/index.php?rest_route=%2Fwp%2Fv2%2Fcategories&post=19"},{"taxonomy":"post_tag","embeddable":true,"href":"https:\/\/alombra.ooteca.artedra.net\/wp\/index.php?rest_route=%2Fwp%2Fv2%2Ftags&post=19"}],"curies":[{"name":"wp","href":"https:\/\/api.w.org\/{rel}","templated":true}]}}