{"id":17,"date":"2022-01-25T12:22:26","date_gmt":"2022-01-25T10:22:26","guid":{"rendered":"https:\/\/alombra.ooteca.artedra.net\/wp\/?p=17"},"modified":"2022-03-04T17:18:23","modified_gmt":"2022-03-04T15:18:23","slug":"artista-6","status":"publish","type":"post","link":"https:\/\/alombra.ooteca.artedra.net\/wp\/?p=17","title":{"rendered":"EUL\u00c0LIA GRAU"},"content":{"rendered":"\n<figure class=\"wp-block-image size-large obra-img\"><img decoding=\"async\" src=\"https:\/\/alombra.ooteca.artedra.net\/wp\/wp-content\/uploads\/2022\/03\/Vielka-Correa_-Eula\u0300lia-Grau-e1646406962664.jpg\" alt=\"\"\/><figcaption>Autora: Vielka Correa<\/figcaption><\/figure>\n\n\n\n<p>La meva postal pren com a refer\u00e8ncia la lluita feminista d\u2019Eul\u00e0lia Grau i les s\u00e8ries de serigrafies i muntatges fotogr\u00e0fics de cr\u00edtica social.<br>La postal \u00e9s una denuncia a la viol\u00e8ncia masclista vers les dones. A partir d\u2019imatges fotogr\u00e0fiques descontextualitzades i dibuix, plantejo un escenari contradictori. Un forat enmig del camp, envoltat de flors, aparentment inofensiu\u2026 esdev\u00e9 un espai perill\u00f3s i amena\u00e7ador d\u2019on surten un munt d\u2019aranyes que atrapen a una dona atemorida i desesperada. La dona, estampada amb tinta rosa. Les aranyes, que simbolitzen l\u2019home, son blaves. S\u2019utilitzen estereotips crom\u00e0tics de g\u00e8nere per refor\u00e7ar la idea. Les fotografies son negres per crear contrast i ambig\u00fcitat.<\/p>\n\n\n\n<p><\/p>\n\n\n\n<div class=\"wp-block-columns has-white-background-color has-background is-layout-flex wp-container-core-columns-is-layout-9d6595d7 wp-block-columns-is-layout-flex\">\n<div class=\"wp-block-column is-layout-flow wp-block-column-is-layout-flow\" style=\"flex-basis:33.33%\">\n<figure class=\"wp-block-image size-large autora-img\"><img loading=\"lazy\" decoding=\"async\" width=\"729\" height=\"1024\" src=\"https:\/\/alombra.ooteca.artedra.net\/wp\/wp-content\/uploads\/2022\/02\/Vielka-Mariana-Correa-Villon_-Eulalia-Grau-2-729x1024.jpg\" alt=\"\" class=\"wp-image-183\" srcset=\"https:\/\/alombra.ooteca.artedra.net\/wp\/wp-content\/uploads\/2022\/02\/Vielka-Mariana-Correa-Villon_-Eulalia-Grau-2-729x1024.jpg 729w, https:\/\/alombra.ooteca.artedra.net\/wp\/wp-content\/uploads\/2022\/02\/Vielka-Mariana-Correa-Villon_-Eulalia-Grau-2-214x300.jpg 214w, https:\/\/alombra.ooteca.artedra.net\/wp\/wp-content\/uploads\/2022\/02\/Vielka-Mariana-Correa-Villon_-Eulalia-Grau-2-768x1078.jpg 768w, https:\/\/alombra.ooteca.artedra.net\/wp\/wp-content\/uploads\/2022\/02\/Vielka-Mariana-Correa-Villon_-Eulalia-Grau-2-1094x1536.jpg 1094w, https:\/\/alombra.ooteca.artedra.net\/wp\/wp-content\/uploads\/2022\/02\/Vielka-Mariana-Correa-Villon_-Eulalia-Grau-2-1459x2048.jpg 1459w, https:\/\/alombra.ooteca.artedra.net\/wp\/wp-content\/uploads\/2022\/02\/Vielka-Mariana-Correa-Villon_-Eulalia-Grau-2-scaled.jpg 1823w\" sizes=\"auto, (max-width: 729px) 100vw, 729px\" \/><figcaption>Eul\u00e0lia Grau<br>(Terrassa, 1946)<br>vista per Vielka Correa <\/figcaption><\/figure>\n<\/div>\n\n\n\n<div class=\"wp-block-column is-layout-flow wp-block-column-is-layout-flow\" style=\"flex-basis:66.66%\">\n<p>\u00c9s una artista feminista, activista, propera a l\u2019art conceptual. El seu treball \u00e9s fruit d\u2019un comprom\u00eds \u00e8tic i social sincer. Reflexiona sobre aspectes de la societat actual; consumisme, estructures de poder\u2026 Posa en evid\u00e8ncia la desigualtat social, denuncia la corrupci\u00f3, l\u2019ab\u00fas de poder, la discriminaci\u00f3, l\u2019explotaci\u00f3 de la dona en el m\u00f3n professional i posa en q\u00fcesti\u00f3 els estereotips femenins.<br>Acostuma a expressar-se amb la t\u00e8cnica del collage i amb fotomuntatges, per aconseguir imatges impactants. A partir de fotografies descontextualitzades construeixen nous missatges que busquen no deixar-nos indiferents i provocar la nostra reflexi\u00f3.<\/p>\n<\/div>\n<\/div>\n","protected":false},"excerpt":{"rendered":"<p>La meva postal pren com a refer\u00e8ncia la lluita feminista d\u2019Eul\u00e0lia Grau i les s\u00e8ries de serigrafies i muntatges fotogr\u00e0fics de cr\u00edtica social.La postal \u00e9s una denuncia a la viol\u00e8ncia masclista vers les dones. A partir d\u2019imatges fotogr\u00e0fiques descontextualitzades i dibuix, plantejo un escenari contradictori. Un forat enmig del camp, envoltat de flors, aparentment inofensiu\u2026 [&hellip;]<\/p>\n","protected":false},"author":1,"featured_media":366,"comment_status":"closed","ping_status":"open","sticky":false,"template":"","format":"standard","meta":{"footnotes":""},"categories":[1],"tags":[],"class_list":["post-17","post","type-post","status-publish","format-standard","has-post-thumbnail","hentry","category-general"],"_links":{"self":[{"href":"https:\/\/alombra.ooteca.artedra.net\/wp\/index.php?rest_route=\/wp\/v2\/posts\/17","targetHints":{"allow":["GET"]}}],"collection":[{"href":"https:\/\/alombra.ooteca.artedra.net\/wp\/index.php?rest_route=\/wp\/v2\/posts"}],"about":[{"href":"https:\/\/alombra.ooteca.artedra.net\/wp\/index.php?rest_route=\/wp\/v2\/types\/post"}],"author":[{"embeddable":true,"href":"https:\/\/alombra.ooteca.artedra.net\/wp\/index.php?rest_route=\/wp\/v2\/users\/1"}],"replies":[{"embeddable":true,"href":"https:\/\/alombra.ooteca.artedra.net\/wp\/index.php?rest_route=%2Fwp%2Fv2%2Fcomments&post=17"}],"version-history":[{"count":24,"href":"https:\/\/alombra.ooteca.artedra.net\/wp\/index.php?rest_route=\/wp\/v2\/posts\/17\/revisions"}],"predecessor-version":[{"id":381,"href":"https:\/\/alombra.ooteca.artedra.net\/wp\/index.php?rest_route=\/wp\/v2\/posts\/17\/revisions\/381"}],"wp:featuredmedia":[{"embeddable":true,"href":"https:\/\/alombra.ooteca.artedra.net\/wp\/index.php?rest_route=\/wp\/v2\/media\/366"}],"wp:attachment":[{"href":"https:\/\/alombra.ooteca.artedra.net\/wp\/index.php?rest_route=%2Fwp%2Fv2%2Fmedia&parent=17"}],"wp:term":[{"taxonomy":"category","embeddable":true,"href":"https:\/\/alombra.ooteca.artedra.net\/wp\/index.php?rest_route=%2Fwp%2Fv2%2Fcategories&post=17"},{"taxonomy":"post_tag","embeddable":true,"href":"https:\/\/alombra.ooteca.artedra.net\/wp\/index.php?rest_route=%2Fwp%2Fv2%2Ftags&post=17"}],"curies":[{"name":"wp","href":"https:\/\/api.w.org\/{rel}","templated":true}]}}